{"id":595,"date":"2019-12-04T11:50:44","date_gmt":"2019-12-04T11:50:44","guid":{"rendered":"http:\/\/annamariajopek.pl\/en\/?p=595"},"modified":"2019-12-17T09:05:54","modified_gmt":"2019-12-17T09:05:54","slug":"amj-made-a-special-performance-in-the-international-mega-production-vikings","status":"publish","type":"post","link":"http:\/\/annamariajopek.pl\/en\/index.php\/2019\/12\/04\/amj-made-a-special-performance-in-the-international-mega-production-vikings\/","title":{"rendered":"AMJ made a special performance in the international mega-production \u201cVikings\u201d!!!"},"content":{"rendered":"\n<p class=\"has-small-font-size\">Not only did she sing on the soundtrack, but she also made an appearance in one of the episodes. The recording took place in Dublin two years ago. The information must have been kept secret till now for fear of spoilers for the show, which is one of the most viewed productions worldwide.&nbsp;<\/p>\n\n\n\n<p class=\"has-small-font-size\">AMJ, teamed up with Song of the Goat Theatre, improvises on a melody that was written specifically for the series by composer Maciej Rych\u0142y, with Gaelic lyrics by Alicja Bral. Anna is accompanied by Rych\u0142y on siersze\u0144ki (a type of bagpipes) and the theatre\u2019s songster \u0141ukasz W\u00f3jcik, under the directorial tutelage of Grzegorz Bral. The audio recording was captured by Tadeusz Mieczkowski at S4 Studio in Warsaw. The video footage was recorded at film studios in Dublin.&nbsp;<\/p>\n\n\n\n<p class=\"has-small-font-size\">\u201cNothing in my life ever happens by accident,\u201d says AMJ. \u201cIn 2014, enthralled by the international Song of the Goat theatre formation, I asked its creator Grzegorz Bral if I could join his crew for a workshop. Consequently, I was drafted for half a year\u2019s worth of rehearsals and a month\u2019s worth of a very intensive work at Fringe Festival in Edinburgh. An amazing time in my life, a time of coming back to white singing and living in a commune (we were living and working together all the time). It was there, at Fringe, where the \u2018Return to the Voice\u2019 oratory, with Maciej Rych\u0142y\u2019s fantastic music, was recorded by BBC\u2014 and it was specifically that recording that, unexpectedly, after two years, caught the eye the creators of \u2018Vikings\u2019,\u201d adds Anna.<\/p>\n\n\n\n<p class=\"has-small-font-size\">AMJ reported to the team work because it has always piqued her artistic interest. Her solo performances limited to two songs, where she could wholly demonstrate her style of singing, which is based on the ultimate freedom of improvisation.<\/p>\n\n\n\n<p class=\"has-small-font-size\">\u201cThe news of the invitation to make an appearance in the show found me far away from the memories of my collaboration with SotGT. Apparently, Michael Hirst, the originator of \u2018Vikings,\u2019 saw the documentary about us that BBC made at Fringe. It happened two, maybe even three years after Edinburgh. I was just finishing studio work on \u201cUlotne,\u201d my album with Branford Marsalis. Shortly after, I got on the plane to Dublin and made my way to the film shoot with Maciek Rych\u0142y and Grzegorz Bral. It brought back the memories of Fringe in Edinburgh and half a year\u2019s worth of rehearsals in Wroc\u0142aw. What an intensive and fascinating chapter in my life, it was. Grzegorz is a charismatic creator, he had a crew of versatile artists\u2014songsters, yogis, acrobats, dancers, and actors at the same time. Never before had I met more talented and universal artists. Every day I learned from, and got delighted by, them. Maciej Rych\u0142y wrote poignant songs for 12 songsters. We played \u2018Return to the Voice\u2019 at a cathedral in Edinburgh for a month, virtually night by night. I had never worked that intensely, I would never have thought I could have such a cast-iron larynx and strong psyche\u2014because it was really powerful stuff, that play. After a month of such work, I realized my true strength,\u201d recalls Ania.<\/p>\n\n\n\n<p class=\"has-small-font-size\">\u201cTo the news of \u2018Vikings,\u2019 I reacted enthusiastically, but I react enthusiastically to most of the invitations. I didn\u2019t know this show because I don\u2019t have a TV. It was only after my colleagues from the States told me they watched this series (we were just recording \u2018Ulotne\u2019) that I realized it must have been big stuff. The film shoot at gigantic halls in Dublin had stunned me.<\/p>\n\n\n\n<p class=\"has-small-font-size\">I had never seen such a huge and masterminded production. A hundred people whipping around like a house on fire and twenty or so cameras working imperceptibly. And that production cycle!! The recording took place two years ago, and we already knew we appear in an episode which will be aired in December 2019. It had felt so abstract back then. As we\u2019re talking today, I\u2019m on tour at the Blue Note clubs in Asia,\u201d ends AMJ.&nbsp;<\/p>\n\n\n\n<p class=\"has-small-font-size\">AMJ is currently on tour in Japan and China. Next spring, she embarks on another tour with her premiere project \u201cThe Expanses.\u201d<\/p>\n\n\n\n<figure class=\"wp-block-image\"><img decoding=\"async\" loading=\"lazy\" width=\"700\" height=\"960\" src=\"http:\/\/annamariajopek.pl\/en\/wp-content\/uploads\/2019\/11\/73537342_2480394092028301_2358344788224245760_o.jpg\" alt=\"\" class=\"wp-image-596\" srcset=\"http:\/\/annamariajopek.pl\/en\/wp-content\/uploads\/2019\/11\/73537342_2480394092028301_2358344788224245760_o.jpg 700w, http:\/\/annamariajopek.pl\/en\/wp-content\/uploads\/2019\/11\/73537342_2480394092028301_2358344788224245760_o-219x300.jpg 219w\" sizes=\"(max-width: 700px) 100vw, 700px\" \/><\/figure>\n","protected":false},"excerpt":{"rendered":"<p>Not only did she sing on the soundtrack, but she also made an appearance in one of the episodes. The recording took place in Dublin two years ago. The information must have been kept secret till now for fear of spoilers for the show, which is one of the most viewed productions worldwide.&nbsp; AMJ, teamed &hellip; <\/p>\n<p class=\"link-more\"><a href=\"http:\/\/annamariajopek.pl\/en\/index.php\/2019\/12\/04\/amj-made-a-special-performance-in-the-international-mega-production-vikings\/\" class=\"more-link\">Continue reading<span class=\"screen-reader-text\"> &#8220;AMJ made a special performance in the international mega-production \u201cVikings\u201d!!!&#8221;<\/span><\/a><\/p>\n","protected":false},"author":1,"featured_media":0,"comment_status":"closed","ping_status":"closed","sticky":false,"template":"","format":"standard","meta":[],"categories":[1],"tags":[],"_links":{"self":[{"href":"http:\/\/annamariajopek.pl\/en\/index.php\/wp-json\/wp\/v2\/posts\/595"}],"collection":[{"href":"http:\/\/annamariajopek.pl\/en\/index.php\/wp-json\/wp\/v2\/posts"}],"about":[{"href":"http:\/\/annamariajopek.pl\/en\/index.php\/wp-json\/wp\/v2\/types\/post"}],"author":[{"embeddable":true,"href":"http:\/\/annamariajopek.pl\/en\/index.php\/wp-json\/wp\/v2\/users\/1"}],"replies":[{"embeddable":true,"href":"http:\/\/annamariajopek.pl\/en\/index.php\/wp-json\/wp\/v2\/comments?post=595"}],"version-history":[{"count":1,"href":"http:\/\/annamariajopek.pl\/en\/index.php\/wp-json\/wp\/v2\/posts\/595\/revisions"}],"predecessor-version":[{"id":597,"href":"http:\/\/annamariajopek.pl\/en\/index.php\/wp-json\/wp\/v2\/posts\/595\/revisions\/597"}],"wp:attachment":[{"href":"http:\/\/annamariajopek.pl\/en\/index.php\/wp-json\/wp\/v2\/media?parent=595"}],"wp:term":[{"taxonomy":"category","embeddable":true,"href":"http:\/\/annamariajopek.pl\/en\/index.php\/wp-json\/wp\/v2\/categories?post=595"},{"taxonomy":"post_tag","embeddable":true,"href":"http:\/\/annamariajopek.pl\/en\/index.php\/wp-json\/wp\/v2\/tags?post=595"}],"curies":[{"name":"wp","href":"https:\/\/api.w.org\/{rel}","templated":true}]}}