{"id":1181,"date":"2026-04-30T15:40:25","date_gmt":"2026-04-30T13:40:25","guid":{"rendered":"https:\/\/annamariajopek.pl\/pl\/?p=1181"},"modified":"2026-04-30T15:40:25","modified_gmt":"2026-04-30T13:40:25","slug":"jazzowy-klub-dwojki","status":"publish","type":"post","link":"http:\/\/annamariajopek.pl\/pl\/index.php\/2026\/04\/30\/jazzowy-klub-dwojki\/","title":{"rendered":"Jazzowy Klub Dw\u00f3jki"},"content":{"rendered":"\n<p>Bilety na ten koncert wyprzeda\u0142y si\u0119 b\u0142yskawicznie! W Studiu im. W. Lutos\u0142awskiego wyst\u0105pili: Piotr Wojtasik Quintet &amp; Anna Maria Jopek.<\/p>\n\n\n\n<p><img decoding=\"async\" loading=\"lazy\" height=\"16\" width=\"16\" alt=\"\ud83c\udfa4\" src=\"https:\/\/static.xx.fbcdn.net\/images\/emoji.php\/v9\/t1d\/2\/16\/1f3a4.png\"> W zespole zagrali: Marcin Kaletka (saksofon), Micha\u0142 Tokaj (fortepian), Micha\u0142 Bara\u0144ski (kontrabas) oraz \u0141ukasz \u017byta (perkusja).<\/p>\n\n\n\n<p><img decoding=\"async\" loading=\"lazy\" height=\"16\" width=\"16\" alt=\"\ud83c\udfa7\" src=\"https:\/\/static.xx.fbcdn.net\/images\/emoji.php\/v9\/ta0\/2\/16\/1f3a7.png\"> Na Mi\u0119dzynarodowy Dzie\u0144 Jazzu (30.04) mamy dla Pa\u0144stwa &#8211; prezent &#8211; retransmisj\u0119 koncertu w pa\u015bmie Jazzowy Klub Dw\u00f3jki o godz. 18.00. <a href=\"https:\/\/www.facebook.com\/Dwojka.PolskieRadio?__cft__[0]=AZbVS-S5cgcHap8IO13-T2vWcRSaNXkRzknXNw0XdHRZLrQpQc9IXU0PqaDCLHKHgZYoJYOBcbtRj6utlVQjD-wubJTGVtwpMW7UOPIJmP9yQamaR8wvcusI54wLN839foytm9HIowWLeM0bq3XjA22T99MCi9312j-bsdkKyHeBtrktXfhsFjEDqfj1zIbN0vs&amp;__tn__=-]K-R\">Dw\u00f3jka &#8211; Program 2 Polskiego Radia<\/a><\/p>\n\n\n\n<p>Zaprasza Andrzej Zieli\u0144ski<\/p>\n\n\n\n<figure class=\"wp-block-image size-large\"><img decoding=\"async\" loading=\"lazy\" width=\"1024\" height=\"683\" src=\"https:\/\/annamariajopek.pl\/pl\/wp-content\/uploads\/2026\/04\/IMG_3139.JPG-1024x683.jpeg\" alt=\"\" class=\"wp-image-1182\" srcset=\"http:\/\/annamariajopek.pl\/pl\/wp-content\/uploads\/2026\/04\/IMG_3139.JPG-1024x683.jpeg 1024w, http:\/\/annamariajopek.pl\/pl\/wp-content\/uploads\/2026\/04\/IMG_3139.JPG-300x200.jpeg 300w, http:\/\/annamariajopek.pl\/pl\/wp-content\/uploads\/2026\/04\/IMG_3139.JPG-768x512.jpeg 768w, http:\/\/annamariajopek.pl\/pl\/wp-content\/uploads\/2026\/04\/IMG_3139.JPG-1536x1024.jpeg 1536w, http:\/\/annamariajopek.pl\/pl\/wp-content\/uploads\/2026\/04\/IMG_3139.JPG.jpeg 2048w\" sizes=\"(max-width: 767px) 89vw, (max-width: 1000px) 54vw, (max-width: 1071px) 543px, 580px\" \/><figcaption class=\"wp-element-caption\">Fot. Pawe\u0142 Trze\u015bniowski<\/figcaption><\/figure>\n","protected":false},"excerpt":{"rendered":"<p>Bilety na ten koncert wyprzeda\u0142y si\u0119 b\u0142yskawicznie! W Studiu im. W. Lutos\u0142awskiego wyst\u0105pili: Piotr Wojtasik Quintet &amp; Anna Maria Jopek. W zespole zagrali: Marcin Kaletka (saksofon), Micha\u0142 Tokaj (fortepian), Micha\u0142 Bara\u0144ski (kontrabas) oraz \u0141ukasz \u017byta (perkusja). Na Mi\u0119dzynarodowy Dzie\u0144 Jazzu (30.04) mamy dla Pa\u0144stwa &#8211; prezent &#8211; retransmisj\u0119 koncertu w pa\u015bmie Jazzowy Klub Dw\u00f3jki o &hellip; <\/p>\n<p class=\"link-more\"><a href=\"http:\/\/annamariajopek.pl\/pl\/index.php\/2026\/04\/30\/jazzowy-klub-dwojki\/\" class=\"more-link\">Czytaj dalej<span class=\"screen-reader-text\"> \u201eJazzowy Klub Dw\u00f3jki\u201d<\/span><\/a><\/p>\n","protected":false},"author":3,"featured_media":0,"comment_status":"closed","ping_status":"open","sticky":false,"template":"","format":"standard","meta":[],"categories":[1],"tags":[],"_links":{"self":[{"href":"http:\/\/annamariajopek.pl\/pl\/index.php\/wp-json\/wp\/v2\/posts\/1181"}],"collection":[{"href":"http:\/\/annamariajopek.pl\/pl\/index.php\/wp-json\/wp\/v2\/posts"}],"about":[{"href":"http:\/\/annamariajopek.pl\/pl\/index.php\/wp-json\/wp\/v2\/types\/post"}],"author":[{"embeddable":true,"href":"http:\/\/annamariajopek.pl\/pl\/index.php\/wp-json\/wp\/v2\/users\/3"}],"replies":[{"embeddable":true,"href":"http:\/\/annamariajopek.pl\/pl\/index.php\/wp-json\/wp\/v2\/comments?post=1181"}],"version-history":[{"count":1,"href":"http:\/\/annamariajopek.pl\/pl\/index.php\/wp-json\/wp\/v2\/posts\/1181\/revisions"}],"predecessor-version":[{"id":1183,"href":"http:\/\/annamariajopek.pl\/pl\/index.php\/wp-json\/wp\/v2\/posts\/1181\/revisions\/1183"}],"wp:attachment":[{"href":"http:\/\/annamariajopek.pl\/pl\/index.php\/wp-json\/wp\/v2\/media?parent=1181"}],"wp:term":[{"taxonomy":"category","embeddable":true,"href":"http:\/\/annamariajopek.pl\/pl\/index.php\/wp-json\/wp\/v2\/categories?post=1181"},{"taxonomy":"post_tag","embeddable":true,"href":"http:\/\/annamariajopek.pl\/pl\/index.php\/wp-json\/wp\/v2\/tags?post=1181"}],"curies":[{"name":"wp","href":"https:\/\/api.w.org\/{rel}","templated":true}]}}