{"id":170,"date":"2019-03-08T08:20:50","date_gmt":"2019-03-08T07:20:50","guid":{"rendered":"http:\/\/www.annamariajopek.pl\/pl\/?p=170"},"modified":"2020-01-15T20:49:54","modified_gmt":"2020-01-15T19:49:54","slug":"celebrujemy-fenomen-kobiety-i-kobiecosci-w-dniu-kobiet-od-dzis-czas-kobiety-w-sieci-na-calym-swiecie","status":"publish","type":"post","link":"http:\/\/annamariajopek.pl\/pl\/index.php\/2019\/03\/08\/celebrujemy-fenomen-kobiety-i-kobiecosci-w-dniu-kobiet-od-dzis-czas-kobiety-w-sieci-na-calym-swiecie\/","title":{"rendered":"CELEBRUJEMY FENOMEN KOBIETY I KOBIECO\u015aCI W DNIU KOBIET.  OD DZI\u015a \u201eCzas kobiety&#8221; w sieci na ca\u0142ym \u015bwiecie"},"content":{"rendered":"\n<p class=\"has-small-font-size\">Dzi\u015b w&nbsp;<a href=\"https:\/\/itunes.apple.com\/pl\/album\/womans-time-czas-kobiety-score-to-leszek-m\u0105dziks-theatrical\/1455113151?l=pl&amp;ls=1&amp;app=itunes\" target=\"_blank\" rel=\"noreferrer noopener\">iTunesie<\/a>&nbsp;mi\u0119dzynarodowa premiera \u201eCzasu kobiety&#8221; AMJ i Roberta Kubiszyna. Przypomnijmy, \u017ce nagranie jest \u015bcie\u017ck\u0105 d\u017awi\u0119kow\u0105 do spektaklu Leszka M\u0105dzika w Teatrze Starym w Lublinie. To pierwsza p\u0142yta AMJ, na kt\u00f3rej nie pada ani jedno s\u0142owo. Koncept idealnie wpisuje si\u0119 w jej badania nad d\u017awi\u0119kiem i poszukiwanie nowych dr\u00f3g w \u015bpiewie. Od dzi\u015b w sieci.&nbsp;<a href=\"https:\/\/itunes.apple.com\/pl\/album\/womans-time-czas-kobiety-score-to-leszek-m\u0105dziks-theatrical\/1455113151?l=pl&amp;ls=1&amp;app=itunes\" target=\"_blank\" rel=\"noreferrer noopener\">Pobierz p\u0142yt\u0119<\/a><\/p>\n\n\n\n<figure class=\"wp-block-image\"><img decoding=\"async\" loading=\"lazy\" width=\"900\" height=\"601\" src=\"http:\/\/www.annamariajopek.pl\/pl\/wp-content\/uploads\/2019\/03\/Czaskobiety-DA-29-09-2015-0233.jpg\" alt=\"\" class=\"wp-image-171\" srcset=\"http:\/\/annamariajopek.pl\/pl\/wp-content\/uploads\/2019\/03\/Czaskobiety-DA-29-09-2015-0233.jpg 900w, http:\/\/annamariajopek.pl\/pl\/wp-content\/uploads\/2019\/03\/Czaskobiety-DA-29-09-2015-0233-300x200.jpg 300w, http:\/\/annamariajopek.pl\/pl\/wp-content\/uploads\/2019\/03\/Czaskobiety-DA-29-09-2015-0233-768x513.jpg 768w\" sizes=\"(max-width: 767px) 89vw, (max-width: 1000px) 54vw, (max-width: 1071px) 543px, 580px\" \/><figcaption>zdj\u0119cie: Dorota Awiorko<\/figcaption><\/figure>\n\n\n\n<p class=\"has-small-font-size\">\u201eU M\u0105dzika kobieta jest zjawiskiem, w kt\u00f3rym spotykaj\u0105 si\u0119 dwie si\u0142y nap\u0119dowe teatru &#8211; erotyka i sacrum &#8211; ale chyba przede wszystkim jest r\u00f3wnie\u017c jednym z kluczy do zrozumienia fenomenu ludzkiego losu&#8221; (Jaros\u0142aw Cymerman dla Teatru Starego w Lublinie).<\/p>\n\n\n\n<p class=\"has-small-font-size\">\u201eJest we mnie t\u0119sknota za mi\u0142o\u015bci\u0105. Za spotkaniem z kobiet\u0105. Dotykam w teatrze czystej mi\u0142o\u015bci do kobiety, kt\u00f3ra daje poczucie bezpiecze\u0144stwa&#8221; (Leszek M\u0105dzik).<\/p>\n\n\n\n<p class=\"has-small-font-size\">\u201eZawierzy\u0142am si\u0119 pracy z Leszkiem ufnie i bezgranicznie. Dla Niego nauczy\u0142am si\u0119 rodzi\u0107 na nowo i \u015bpiewa\u0107 swoj\u0105 sko\u0144czono\u015b\u0107. M\u00f3j g\u0142os, czysty strumie\u0144 d\u017awi\u0119ku, sta\u0142 si\u0119 moim cia\u0142em, a cia\u0142o moim g\u0142osem&#8221; (AMJ).<\/p>\n\n\n\n<p><a href=\"https:\/\/www.youtube.com\/watch?v=qkxPJ6Z4_2s&amp;t=2s\" target=\"_blank\" rel=\"noreferrer noopener\">Pr\u00f3buj\u0105c \u201eCzas Kobiety&#8221;<\/a><br><\/p>\n","protected":false},"excerpt":{"rendered":"<p>Dzi\u015b w&nbsp;iTunesie&nbsp;mi\u0119dzynarodowa premiera \u201eCzasu kobiety&#8221; AMJ i Roberta Kubiszyna. Przypomnijmy, \u017ce nagranie jest \u015bcie\u017ck\u0105 d\u017awi\u0119kow\u0105 do spektaklu Leszka M\u0105dzika w Teatrze Starym w Lublinie. To pierwsza p\u0142yta AMJ, na kt\u00f3rej nie pada ani jedno s\u0142owo. Koncept idealnie wpisuje si\u0119 w jej badania nad d\u017awi\u0119kiem i poszukiwanie nowych dr\u00f3g w \u015bpiewie. Od dzi\u015b w sieci.&nbsp;Pobierz p\u0142yt\u0119 &hellip; <\/p>\n<p class=\"link-more\"><a href=\"http:\/\/annamariajopek.pl\/pl\/index.php\/2019\/03\/08\/celebrujemy-fenomen-kobiety-i-kobiecosci-w-dniu-kobiet-od-dzis-czas-kobiety-w-sieci-na-calym-swiecie\/\" class=\"more-link\">Czytaj dalej<span class=\"screen-reader-text\"> \u201eCELEBRUJEMY FENOMEN KOBIETY I KOBIECO\u015aCI W DNIU KOBIET.  OD DZI\u015a \u201eCzas kobiety&#8221; w sieci na ca\u0142ym \u015bwiecie\u201d<\/span><\/a><\/p>\n","protected":false},"author":1,"featured_media":0,"comment_status":"closed","ping_status":"closed","sticky":false,"template":"","format":"standard","meta":[],"categories":[8],"tags":[7,4,6,5],"_links":{"self":[{"href":"http:\/\/annamariajopek.pl\/pl\/index.php\/wp-json\/wp\/v2\/posts\/170"}],"collection":[{"href":"http:\/\/annamariajopek.pl\/pl\/index.php\/wp-json\/wp\/v2\/posts"}],"about":[{"href":"http:\/\/annamariajopek.pl\/pl\/index.php\/wp-json\/wp\/v2\/types\/post"}],"author":[{"embeddable":true,"href":"http:\/\/annamariajopek.pl\/pl\/index.php\/wp-json\/wp\/v2\/users\/1"}],"replies":[{"embeddable":true,"href":"http:\/\/annamariajopek.pl\/pl\/index.php\/wp-json\/wp\/v2\/comments?post=170"}],"version-history":[{"count":3,"href":"http:\/\/annamariajopek.pl\/pl\/index.php\/wp-json\/wp\/v2\/posts\/170\/revisions"}],"predecessor-version":[{"id":383,"href":"http:\/\/annamariajopek.pl\/pl\/index.php\/wp-json\/wp\/v2\/posts\/170\/revisions\/383"}],"wp:attachment":[{"href":"http:\/\/annamariajopek.pl\/pl\/index.php\/wp-json\/wp\/v2\/media?parent=170"}],"wp:term":[{"taxonomy":"category","embeddable":true,"href":"http:\/\/annamariajopek.pl\/pl\/index.php\/wp-json\/wp\/v2\/categories?post=170"},{"taxonomy":"post_tag","embeddable":true,"href":"http:\/\/annamariajopek.pl\/pl\/index.php\/wp-json\/wp\/v2\/tags?post=170"}],"curies":[{"name":"wp","href":"https:\/\/api.w.org\/{rel}","templated":true}]}}