{"id":463,"date":"2020-09-24T15:47:49","date_gmt":"2020-09-24T13:47:49","guid":{"rendered":"http:\/\/www.annamariajopek.pl\/pl\/?p=463"},"modified":"2020-09-24T15:50:10","modified_gmt":"2020-09-24T13:50:10","slug":"przestworza-wracaja-w-pazdzierniku","status":"publish","type":"post","link":"http:\/\/annamariajopek.pl\/pl\/index.php\/2020\/09\/24\/przestworza-wracaja-w-pazdzierniku\/","title":{"rendered":"&#8222;Przestworza&#8221; wracaj\u0105 w pa\u017adzierniku"},"content":{"rendered":"\n<p>Ju\u017c w pa\u017adzierniku wr\u00f3ci przerwana w marcu trasa koncertowa \u201ePrzestworza\u201d. Muzyk\u0119 zaaran\u017cowa\u0142 Piotr Wojtasik, us\u0142yszymy nowe piosenki Ani i kilka temat\u00f3w, kt\u00f3re artystka kocha od dziecka. Nadzwyczajna Dru\u017cyna wyst\u0105pi w pe\u0142nym sk\u0142adzie: Piotr Wojtasik, Dominik Wania, Maciej Sika\u0142a, Robert Kubiszyn, Piotr Nazaruk, Pawe\u0142 Dobrowolski, Atom String Quartet i oczywi\u015bcie AMJ.<br><br>\u201eMy\u015bl, \u017ce mo\u017cemy wr\u00f3ci\u0107 do tej muzyki, da\u0142a mi du\u017co si\u0142y w ostatnich miesi\u0105cach. Stara\u0142am si\u0119 te\u017c ka\u017cdego dnia przepracowa\u0107 co\u015b, cho\u0107by ma\u0142ego, w swoim my\u015bleniu, w umiej\u0119tno\u015bciach, warsztacie, \u017ceby kiedy to wszystko minie, by\u0107 o w\u0142os dalej, cho\u0107 troch\u0119 bardziej gotowa na muzyk\u0119, kt\u00f3rej szukam\u201d \u2013 m\u00f3wi AMJ.<br><br>\u017beby sprosta\u0107 wymogom bezpiecze\u0144stwa i nowym przepisom, zesp\u00f3\u0142 jest got\u00f3w zagra\u0107 dwa razy dziennie tam, gdzie to b\u0119dzie konieczne.<br><br>Dzi\u0119kujemy, \u017ce mimo wszystko zatrzymali Pa\u0144stwo swoje bilety!  Prosimy o pilny kontakt z miejscami, w kt\u00f3rych Pa\u0144stwo je kupili, \u017ceby uzyska\u0107 wi\u0119cej szczeg\u00f3\u0142\u00f3w. I mamy nadziej\u0119 \u2013 do zobaczenia!<br><br>Zesp\u00f3\u0142 &amp; Management \u201ePrzestworzy\u201d<\/p>\n\n\n\n<figure class=\"wp-block-image size-large\"><img decoding=\"async\" loading=\"lazy\" width=\"1024\" height=\"1024\" src=\"http:\/\/www.annamariajopek.pl\/pl\/wp-content\/uploads\/2020\/03\/Przestworza-zespol-1200x1200-px-18.12-wybrany-1024x1024.jpg\" alt=\"\" class=\"wp-image-401\" srcset=\"http:\/\/annamariajopek.pl\/pl\/wp-content\/uploads\/2020\/03\/Przestworza-zespol-1200x1200-px-18.12-wybrany-1024x1024.jpg 1024w, http:\/\/annamariajopek.pl\/pl\/wp-content\/uploads\/2020\/03\/Przestworza-zespol-1200x1200-px-18.12-wybrany-150x150.jpg 150w, http:\/\/annamariajopek.pl\/pl\/wp-content\/uploads\/2020\/03\/Przestworza-zespol-1200x1200-px-18.12-wybrany-300x300.jpg 300w, http:\/\/annamariajopek.pl\/pl\/wp-content\/uploads\/2020\/03\/Przestworza-zespol-1200x1200-px-18.12-wybrany-768x768.jpg 768w, http:\/\/annamariajopek.pl\/pl\/wp-content\/uploads\/2020\/03\/Przestworza-zespol-1200x1200-px-18.12-wybrany.jpg 1200w, http:\/\/annamariajopek.pl\/pl\/wp-content\/uploads\/2020\/03\/Przestworza-zespol-1200x1200-px-18.12-wybrany-100x100.jpg 100w\" sizes=\"(max-width: 767px) 89vw, (max-width: 1000px) 54vw, (max-width: 1071px) 543px, 580px\" \/><\/figure>\n","protected":false},"excerpt":{"rendered":"<p>Ju\u017c w pa\u017adzierniku wr\u00f3ci przerwana w marcu trasa koncertowa \u201ePrzestworza\u201d. Muzyk\u0119 zaaran\u017cowa\u0142 Piotr Wojtasik, us\u0142yszymy nowe piosenki Ani i kilka temat\u00f3w, kt\u00f3re artystka kocha od dziecka. Nadzwyczajna Dru\u017cyna wyst\u0105pi w pe\u0142nym sk\u0142adzie: Piotr Wojtasik, Dominik Wania, Maciej Sika\u0142a, Robert Kubiszyn, Piotr Nazaruk, Pawe\u0142 Dobrowolski, Atom String Quartet i oczywi\u015bcie AMJ. \u201eMy\u015bl, \u017ce mo\u017cemy wr\u00f3ci\u0107 do &hellip; <\/p>\n<p class=\"link-more\"><a href=\"http:\/\/annamariajopek.pl\/pl\/index.php\/2020\/09\/24\/przestworza-wracaja-w-pazdzierniku\/\" class=\"more-link\">Czytaj dalej<span class=\"screen-reader-text\"> \u201e&#8222;Przestworza&#8221; wracaj\u0105 w pa\u017adzierniku\u201d<\/span><\/a><\/p>\n","protected":false},"author":2,"featured_media":0,"comment_status":"open","ping_status":"open","sticky":false,"template":"","format":"standard","meta":[],"categories":[1],"tags":[],"_links":{"self":[{"href":"http:\/\/annamariajopek.pl\/pl\/index.php\/wp-json\/wp\/v2\/posts\/463"}],"collection":[{"href":"http:\/\/annamariajopek.pl\/pl\/index.php\/wp-json\/wp\/v2\/posts"}],"about":[{"href":"http:\/\/annamariajopek.pl\/pl\/index.php\/wp-json\/wp\/v2\/types\/post"}],"author":[{"embeddable":true,"href":"http:\/\/annamariajopek.pl\/pl\/index.php\/wp-json\/wp\/v2\/users\/2"}],"replies":[{"embeddable":true,"href":"http:\/\/annamariajopek.pl\/pl\/index.php\/wp-json\/wp\/v2\/comments?post=463"}],"version-history":[{"count":4,"href":"http:\/\/annamariajopek.pl\/pl\/index.php\/wp-json\/wp\/v2\/posts\/463\/revisions"}],"predecessor-version":[{"id":467,"href":"http:\/\/annamariajopek.pl\/pl\/index.php\/wp-json\/wp\/v2\/posts\/463\/revisions\/467"}],"wp:attachment":[{"href":"http:\/\/annamariajopek.pl\/pl\/index.php\/wp-json\/wp\/v2\/media?parent=463"}],"wp:term":[{"taxonomy":"category","embeddable":true,"href":"http:\/\/annamariajopek.pl\/pl\/index.php\/wp-json\/wp\/v2\/categories?post=463"},{"taxonomy":"post_tag","embeddable":true,"href":"http:\/\/annamariajopek.pl\/pl\/index.php\/wp-json\/wp\/v2\/tags?post=463"}],"curies":[{"name":"wp","href":"https:\/\/api.w.org\/{rel}","templated":true}]}}