{"id":878,"date":"2024-04-24T18:58:21","date_gmt":"2024-04-24T16:58:21","guid":{"rendered":"http:\/\/annamariajopek.pl\/pl\/?p=878"},"modified":"2024-04-24T18:59:23","modified_gmt":"2024-04-24T16:59:23","slug":"czas-kobiety","status":"publish","type":"post","link":"http:\/\/annamariajopek.pl\/pl\/index.php\/2024\/04\/24\/czas-kobiety\/","title":{"rendered":"Czas kobiety"},"content":{"rendered":"\n<p>Zapraszamy do Teatru Starego w Lublinie na spektakle CZAS KOBIETY:<br>25.04.2024, 19:00<br>26.04.2024, 17:00<br>26.04.2024, 20:00<\/p>\n\n\n\n<p>Spektakl \u201eCzas Kobiety\u201d Leszka M\u0105dzika z muzyk\u0105 Ani i Roberta Kubiszyna \u015bpiewany i grany jest przez nich na \u017cywo \u2014 cz\u0119sto Pa\u0144stwo o to pytaj\u0105. Ania ma mikroport zainstalowany na policzku. Rafa\u0142 Smole\u0144 \u2014 re\u017cyser d\u017awi\u0119ku, stworzy\u0142 w Teatrze Starym w Lublinie nag\u0142o\u015bnienie dooko\u0142a widowni, efekt s\u0142uchania w \u015brodku d\u017awi\u0119ku. Tak\u0105 mo\u017cliwo\u015b\u0107 daje kameralne i bardzo akustycznie wn\u0119trze teatru, dog\u0142a\u015bniane s\u0142upkami Bose, kt\u00f3re mo\u017cna ustawia\u0107 na widowni. Wszyscy uczestnicy proszeni s\u0105 o wy\u0142\u0105czenie kom\u00f3rek i urz\u0105dze\u0144 elektrycznych, poniewa\u017c najdrobniejsze \u015bwiat\u0142o i szmer, rujnuj\u0105 skupienie, cisz\u0119 i ciemno\u015b\u0107.<br> <a rel=\"noreferrer noopener\" href=\"http:\/\/www.teatrstary.eu\/rezerwacja\/wydarzenie.html?idwc=2645\" data-type=\"URL\" data-id=\"http:\/\/www.teatrstary.eu\/rezerwacja\/wydarzenie.html?idwc=2645\" target=\"_blank\">www.teatrstary.eu\/rezerwacja\/wydarzenie.html?idwc=2645<\/a><br><\/p>\n\n\n\n<figure class=\"wp-block-embed is-type-video is-provider-youtube wp-block-embed-youtube wp-embed-aspect-16-9 wp-has-aspect-ratio\"><div class=\"wp-block-embed__wrapper\">\n<iframe loading=\"lazy\" title=\"\u201cCzas kobiety\u201d Leszek M\u0105dzik \/ Anna Maria Jopek Teatr Stary w Lublinie\" width=\"525\" height=\"295\" src=\"https:\/\/www.youtube.com\/embed\/L9UGUPIKmFA?feature=oembed\" frameborder=\"0\" allow=\"accelerometer; autoplay; clipboard-write; encrypted-media; gyroscope; picture-in-picture; web-share\" referrerpolicy=\"strict-origin-when-cross-origin\" allowfullscreen><\/iframe>\n<\/div><\/figure>\n","protected":false},"excerpt":{"rendered":"<p>Zapraszamy do Teatru Starego w Lublinie na spektakle CZAS KOBIETY:25.04.2024, 19:0026.04.2024, 17:0026.04.2024, 20:00 Spektakl \u201eCzas Kobiety\u201d Leszka M\u0105dzika z muzyk\u0105 Ani i Roberta Kubiszyna \u015bpiewany i grany jest przez nich na \u017cywo \u2014 cz\u0119sto Pa\u0144stwo o to pytaj\u0105. Ania ma mikroport zainstalowany na policzku. Rafa\u0142 Smole\u0144 \u2014 re\u017cyser d\u017awi\u0119ku, stworzy\u0142 w Teatrze Starym w Lublinie &hellip; <\/p>\n<p class=\"link-more\"><a href=\"http:\/\/annamariajopek.pl\/pl\/index.php\/2024\/04\/24\/czas-kobiety\/\" class=\"more-link\">Czytaj dalej<span class=\"screen-reader-text\"> \u201eCzas kobiety\u201d<\/span><\/a><\/p>\n","protected":false},"author":3,"featured_media":0,"comment_status":"open","ping_status":"open","sticky":false,"template":"","format":"standard","meta":[],"categories":[1],"tags":[],"_links":{"self":[{"href":"http:\/\/annamariajopek.pl\/pl\/index.php\/wp-json\/wp\/v2\/posts\/878"}],"collection":[{"href":"http:\/\/annamariajopek.pl\/pl\/index.php\/wp-json\/wp\/v2\/posts"}],"about":[{"href":"http:\/\/annamariajopek.pl\/pl\/index.php\/wp-json\/wp\/v2\/types\/post"}],"author":[{"embeddable":true,"href":"http:\/\/annamariajopek.pl\/pl\/index.php\/wp-json\/wp\/v2\/users\/3"}],"replies":[{"embeddable":true,"href":"http:\/\/annamariajopek.pl\/pl\/index.php\/wp-json\/wp\/v2\/comments?post=878"}],"version-history":[{"count":2,"href":"http:\/\/annamariajopek.pl\/pl\/index.php\/wp-json\/wp\/v2\/posts\/878\/revisions"}],"predecessor-version":[{"id":880,"href":"http:\/\/annamariajopek.pl\/pl\/index.php\/wp-json\/wp\/v2\/posts\/878\/revisions\/880"}],"wp:attachment":[{"href":"http:\/\/annamariajopek.pl\/pl\/index.php\/wp-json\/wp\/v2\/media?parent=878"}],"wp:term":[{"taxonomy":"category","embeddable":true,"href":"http:\/\/annamariajopek.pl\/pl\/index.php\/wp-json\/wp\/v2\/categories?post=878"},{"taxonomy":"post_tag","embeddable":true,"href":"http:\/\/annamariajopek.pl\/pl\/index.php\/wp-json\/wp\/v2\/tags?post=878"}],"curies":[{"name":"wp","href":"https:\/\/api.w.org\/{rel}","templated":true}]}}