{"id":897,"date":"2024-06-12T17:07:57","date_gmt":"2024-06-12T15:07:57","guid":{"rendered":"http:\/\/annamariajopek.pl\/pl\/?p=897"},"modified":"2026-01-17T12:39:31","modified_gmt":"2026-01-17T11:39:31","slug":"womens-voices-kolektyw","status":"publish","type":"post","link":"http:\/\/annamariajopek.pl\/pl\/index.php\/2024\/06\/12\/womens-voices-kolektyw\/","title":{"rendered":"<a href=\"https:\/\/www.facebook.com\/womensvoiceswv?__cft__[0]=AZXy697FYYcjjWtYPhIpxoFhbcakfT7YL_Z0FsZDzhnxxjnB6jQOsj6PBxsBNmIB0aZ6DRaulkuRoOc-9AKS2uZbEX3rBdWicSk49VzgUch802lLAUzVSDpqPGoUFm_DpUGvoj9hZcxj8nB3kfWmv8auzFnoC-jQAawZzHFmvx3vzKKpyg0pfbFhlGEmj9PDskJWpL8EKNgJ4mg7rsqZomlr&amp;__tn__=-]K-R\">Women&#8217;s Voices<\/a> Kolektyw"},"content":{"rendered":"\n<p>Ju\u017c w sobot\u0119 15 czerwca 2024 o godz. 21:40 Anna Maria Jopek wyst\u0105pi podczas <strong>Co Jest Grane Festival 2024<\/strong>: w projekcie Women&#8217;s Voices Kolektyw. <a rel=\"noreferrer noopener\" href=\"https:\/\/www.facebook.com\/cojestgrane24festival\" data-type=\"URL\" data-id=\"https:\/\/www.facebook.com\/cojestgrane24festival\" target=\"_blank\">=&gt; Szczeg\u00f3\u0142y &lt;=<\/a><\/p>\n\n\n\n<figure class=\"wp-block-image size-large\"><img decoding=\"async\" loading=\"lazy\" width=\"1024\" height=\"1024\" src=\"http:\/\/annamariajopek.pl\/pl\/wp-content\/uploads\/2024\/06\/WV-Artystki-razem_1080x1080-1024x1024.png\" alt=\"\" class=\"wp-image-898\" srcset=\"http:\/\/annamariajopek.pl\/pl\/wp-content\/uploads\/2024\/06\/WV-Artystki-razem_1080x1080-1024x1024.png 1024w, http:\/\/annamariajopek.pl\/pl\/wp-content\/uploads\/2024\/06\/WV-Artystki-razem_1080x1080-300x300.png 300w, http:\/\/annamariajopek.pl\/pl\/wp-content\/uploads\/2024\/06\/WV-Artystki-razem_1080x1080-150x150.png 150w, http:\/\/annamariajopek.pl\/pl\/wp-content\/uploads\/2024\/06\/WV-Artystki-razem_1080x1080-768x768.png 768w, http:\/\/annamariajopek.pl\/pl\/wp-content\/uploads\/2024\/06\/WV-Artystki-razem_1080x1080-100x100.png 100w, http:\/\/annamariajopek.pl\/pl\/wp-content\/uploads\/2024\/06\/WV-Artystki-razem_1080x1080.png 1080w\" sizes=\"(max-width: 767px) 89vw, (max-width: 1000px) 54vw, (max-width: 1071px) 543px, 580px\" \/><\/figure>\n\n\n\n<p><\/p>\n","protected":false},"excerpt":{"rendered":"<p>Ju\u017c w sobot\u0119 15 czerwca 2024 o godz. 21:40 Anna Maria Jopek wyst\u0105pi podczas Co Jest Grane Festival 2024: w projekcie Women&#8217;s Voices Kolektyw. =&gt; Szczeg\u00f3\u0142y &lt;=<\/p>\n","protected":false},"author":3,"featured_media":0,"comment_status":"closed","ping_status":"closed","sticky":false,"template":"","format":"standard","meta":[],"categories":[1],"tags":[],"_links":{"self":[{"href":"http:\/\/annamariajopek.pl\/pl\/index.php\/wp-json\/wp\/v2\/posts\/897"}],"collection":[{"href":"http:\/\/annamariajopek.pl\/pl\/index.php\/wp-json\/wp\/v2\/posts"}],"about":[{"href":"http:\/\/annamariajopek.pl\/pl\/index.php\/wp-json\/wp\/v2\/types\/post"}],"author":[{"embeddable":true,"href":"http:\/\/annamariajopek.pl\/pl\/index.php\/wp-json\/wp\/v2\/users\/3"}],"replies":[{"embeddable":true,"href":"http:\/\/annamariajopek.pl\/pl\/index.php\/wp-json\/wp\/v2\/comments?post=897"}],"version-history":[{"count":4,"href":"http:\/\/annamariajopek.pl\/pl\/index.php\/wp-json\/wp\/v2\/posts\/897\/revisions"}],"predecessor-version":[{"id":1136,"href":"http:\/\/annamariajopek.pl\/pl\/index.php\/wp-json\/wp\/v2\/posts\/897\/revisions\/1136"}],"wp:attachment":[{"href":"http:\/\/annamariajopek.pl\/pl\/index.php\/wp-json\/wp\/v2\/media?parent=897"}],"wp:term":[{"taxonomy":"category","embeddable":true,"href":"http:\/\/annamariajopek.pl\/pl\/index.php\/wp-json\/wp\/v2\/categories?post=897"},{"taxonomy":"post_tag","embeddable":true,"href":"http:\/\/annamariajopek.pl\/pl\/index.php\/wp-json\/wp\/v2\/tags?post=897"}],"curies":[{"name":"wp","href":"https:\/\/api.w.org\/{rel}","templated":true}]}}