{"id":999,"date":"2024-10-11T18:50:05","date_gmt":"2024-10-11T16:50:05","guid":{"rendered":"http:\/\/annamariajopek.pl\/pl\/?p=999"},"modified":"2024-10-21T18:53:21","modified_gmt":"2024-10-21T16:53:21","slug":"anna-maria-jopek-w-berlinie-2","status":"publish","type":"post","link":"http:\/\/annamariajopek.pl\/pl\/index.php\/2024\/10\/11\/anna-maria-jopek-w-berlinie-2\/","title":{"rendered":"Anna Maria Jopek w Berlinie"},"content":{"rendered":"\n<p>Zapraszamy na koncert Anny Marii Jopek w Berlinie. Na scenie towarzyszy\u0107 jej b\u0119d\u0105: Pawe\u0142 Dobrowolski \u2013 perkusja, Robert Kubiszyn \u2013 kontrabas, Dominik Wania \u2013 fortepian<\/p>\n\n\n\n<p>Miejsce: Ernst-Reuter-Saal, Eichborndamm 213, 13437 Berlin<br>Bilety: <a href=\"https:\/\/theorangeroom.live\/anna-maria-jopek-in-berlin\/\" target=\"_blank\" rel=\"noreferrer noopener\">https:\/\/theorangeroom.live\/anna-maria-jopek-in-berlin\/ <\/a><\/p>\n\n\n\n<p>Zapraszamy!<br><\/p>\n\n\n\n<figure class=\"wp-block-embed is-type-wp-embed is-provider-the-orange-room wp-block-embed-the-orange-room\"><div class=\"wp-block-embed__wrapper\">\n<blockquote class=\"wp-embedded-content\" data-secret=\"8coT42OTTo\"><a href=\"https:\/\/theorangeroom.live\/anna-maria-jopek-in-berlin\/\">Anna Maria Jopek in Berlin<\/a><\/blockquote><iframe class=\"wp-embedded-content\" sandbox=\"allow-scripts\" security=\"restricted\" style=\"position: absolute; clip: rect(1px, 1px, 1px, 1px);\" title=\"&#8220;Anna Maria Jopek in Berlin&#8221; &#8212; The Orange Room\" src=\"https:\/\/theorangeroom.live\/anna-maria-jopek-in-berlin\/embed\/#?secret=RHtukdIyrL#?secret=8coT42OTTo\" data-secret=\"8coT42OTTo\" width=\"525\" height=\"296\" frameborder=\"0\" marginwidth=\"0\" marginheight=\"0\" scrolling=\"no\"><\/iframe>\n<\/div><\/figure>\n","protected":false},"excerpt":{"rendered":"<p>Zapraszamy na koncert Anny Marii Jopek w Berlinie. Na scenie towarzyszy\u0107 jej b\u0119d\u0105: Pawe\u0142 Dobrowolski \u2013 perkusja, Robert Kubiszyn \u2013 kontrabas, Dominik Wania \u2013 fortepian Miejsce: Ernst-Reuter-Saal, Eichborndamm 213, 13437 BerlinBilety: https:\/\/theorangeroom.live\/anna-maria-jopek-in-berlin\/ Zapraszamy!<\/p>\n","protected":false},"author":3,"featured_media":0,"comment_status":"open","ping_status":"open","sticky":false,"template":"","format":"standard","meta":[],"categories":[1],"tags":[],"_links":{"self":[{"href":"http:\/\/annamariajopek.pl\/pl\/index.php\/wp-json\/wp\/v2\/posts\/999"}],"collection":[{"href":"http:\/\/annamariajopek.pl\/pl\/index.php\/wp-json\/wp\/v2\/posts"}],"about":[{"href":"http:\/\/annamariajopek.pl\/pl\/index.php\/wp-json\/wp\/v2\/types\/post"}],"author":[{"embeddable":true,"href":"http:\/\/annamariajopek.pl\/pl\/index.php\/wp-json\/wp\/v2\/users\/3"}],"replies":[{"embeddable":true,"href":"http:\/\/annamariajopek.pl\/pl\/index.php\/wp-json\/wp\/v2\/comments?post=999"}],"version-history":[{"count":3,"href":"http:\/\/annamariajopek.pl\/pl\/index.php\/wp-json\/wp\/v2\/posts\/999\/revisions"}],"predecessor-version":[{"id":1002,"href":"http:\/\/annamariajopek.pl\/pl\/index.php\/wp-json\/wp\/v2\/posts\/999\/revisions\/1002"}],"wp:attachment":[{"href":"http:\/\/annamariajopek.pl\/pl\/index.php\/wp-json\/wp\/v2\/media?parent=999"}],"wp:term":[{"taxonomy":"category","embeddable":true,"href":"http:\/\/annamariajopek.pl\/pl\/index.php\/wp-json\/wp\/v2\/categories?post=999"},{"taxonomy":"post_tag","embeddable":true,"href":"http:\/\/annamariajopek.pl\/pl\/index.php\/wp-json\/wp\/v2\/tags?post=999"}],"curies":[{"name":"wp","href":"https:\/\/api.w.org\/{rel}","templated":true}]}}